{"id":377,"date":"1996-09-10T00:05:54","date_gmt":"1996-09-09T22:05:54","guid":{"rendered":"http:\/\/1001oeil.com\/wp\/?p=377"},"modified":"1996-09-10T00:05:54","modified_gmt":"1996-09-09T22:05:54","slug":"tetes-raides-les-bouquets","status":"publish","type":"post","link":"https:\/\/1001oeil.com\/index.php\/1996\/09\/10\/tetes-raides-les-bouquets\/","title":{"rendered":"TETES RAIDES \u00ab\u00a0Les bouquets\u00a0\u00bb"},"content":{"rendered":"<p><iframe loading=\"lazy\" frameborder=\"0\" width=\"100%\" height=\"475\" src=\"http:\/\/www.dailymotion.com\/embed\/video\/x8uz1\"><\/iframe><\/p>\n<h6>Clip Live des TETES RAIDES.<\/h6>\n<p>R\u00e9alis\u00e9 par le Collectif CHAUFFE !<br \/>\nTournage en super 8.<br \/>\nCam\u00e9raman.<\/p>\n<address><a href=\"http:\/\/www.tetesraides.fr\/\" target=\"_blank\">Site Internet des T\u00eates Raides<\/a><\/address>\n","protected":false},"excerpt":{"rendered":"<p>Clip Live des TETES RAIDES. R\u00e9alis\u00e9 par le Collectif CHAUFFE ! Tournage en super 8. Cam\u00e9raman. Site Internet des T\u00eates Raides<\/p>\n","protected":false},"author":2,"featured_media":1318,"comment_status":"closed","ping_status":"open","sticky":false,"template":"","format":"standard","meta":{"ngg_post_thumbnail":0,"footnotes":""},"categories":[2],"tags":[43,139],"class_list":["post-377","post","type-post","status-publish","format-standard","has-post-thumbnail","hentry","category-archives","tag-clip-video-des-tetes-raides","tag-tournage-en-super-8"],"yoast_head":"<!-- This site is optimized with the Yoast SEO plugin v27.3 - https:\/\/yoast.com\/product\/yoast-seo-wordpress\/ -->\n<title>TETES RAIDES &quot;Les bouquets&quot; -<\/title>\n<meta name=\"robots\" content=\"index, follow, max-snippet:-1, max-image-preview:large, max-video-preview:-1\" \/>\n<link rel=\"canonical\" href=\"https:\/\/1001oeil.com\/index.php\/1996\/09\/10\/tetes-raides-les-bouquets\/\" \/>\n<meta property=\"og:locale\" content=\"fr_FR\" \/>\n<meta property=\"og:type\" content=\"article\" \/>\n<meta property=\"og:title\" content=\"TETES RAIDES &quot;Les bouquets&quot; -\" \/>\n<meta property=\"og:description\" content=\"Clip Live des TETES RAIDES. R\u00e9alis\u00e9 par le Collectif CHAUFFE ! Tournage en super 8. Cam\u00e9raman. Site Internet des T\u00eates Raides\" \/>\n<meta property=\"og:url\" content=\"https:\/\/1001oeil.com\/index.php\/1996\/09\/10\/tetes-raides-les-bouquets\/\" \/>\n<meta property=\"og:site_name\" content=\"St\u00e9phane Chassignole\" \/>\n<meta property=\"article:published_time\" content=\"1996-09-09T22:05:54+00:00\" \/>\n<meta name=\"author\" content=\"st\u00e9phane Chassignole\" \/>\n<meta name=\"twitter:card\" content=\"summary_large_image\" \/>\n<meta name=\"twitter:label1\" content=\"\u00c9crit par\" \/>\n\t<meta name=\"twitter:data1\" content=\"st\u00e9phane Chassignole\" \/>\n<script type=\"application\/ld+json\" class=\"yoast-schema-graph\">{\"@context\":\"https:\\\/\\\/schema.org\",\"@graph\":[{\"@type\":\"Article\",\"@id\":\"https:\\\/\\\/1001oeil.com\\\/index.php\\\/1996\\\/09\\\/10\\\/tetes-raides-les-bouquets\\\/#article\",\"isPartOf\":{\"@id\":\"https:\\\/\\\/1001oeil.com\\\/index.php\\\/1996\\\/09\\\/10\\\/tetes-raides-les-bouquets\\\/\"},\"author\":{\"name\":\"st\u00e9phane Chassignole\",\"@id\":\"https:\\\/\\\/1001oeil.com\\\/#\\\/schema\\\/person\\\/cfb1257601e2f646acb530731aac02e5\"},\"headline\":\"TETES RAIDES \u00ab\u00a0Les bouquets\u00a0\u00bb\",\"datePublished\":\"1996-09-09T22:05:54+00:00\",\"mainEntityOfPage\":{\"@id\":\"https:\\\/\\\/1001oeil.com\\\/index.php\\\/1996\\\/09\\\/10\\\/tetes-raides-les-bouquets\\\/\"},\"wordCount\":26,\"publisher\":{\"@id\":\"https:\\\/\\\/1001oeil.com\\\/#\\\/schema\\\/person\\\/5183086660880e33b3a1804821879ce1\"},\"image\":{\"@id\":\"https:\\\/\\\/1001oeil.com\\\/index.php\\\/1996\\\/09\\\/10\\\/tetes-raides-les-bouquets\\\/#primaryimage\"},\"thumbnailUrl\":\"\",\"keywords\":[\"clip vid\u00e9o des tetes raides\",\"tournage en super 8\"],\"articleSection\":[\"Archives\"],\"inLanguage\":\"fr-FR\"},{\"@type\":\"WebPage\",\"@id\":\"https:\\\/\\\/1001oeil.com\\\/index.php\\\/1996\\\/09\\\/10\\\/tetes-raides-les-bouquets\\\/\",\"url\":\"https:\\\/\\\/1001oeil.com\\\/index.php\\\/1996\\\/09\\\/10\\\/tetes-raides-les-bouquets\\\/\",\"name\":\"TETES RAIDES \\\"Les bouquets\\\" -\",\"isPartOf\":{\"@id\":\"https:\\\/\\\/1001oeil.com\\\/#website\"},\"primaryImageOfPage\":{\"@id\":\"https:\\\/\\\/1001oeil.com\\\/index.php\\\/1996\\\/09\\\/10\\\/tetes-raides-les-bouquets\\\/#primaryimage\"},\"image\":{\"@id\":\"https:\\\/\\\/1001oeil.com\\\/index.php\\\/1996\\\/09\\\/10\\\/tetes-raides-les-bouquets\\\/#primaryimage\"},\"thumbnailUrl\":\"\",\"datePublished\":\"1996-09-09T22:05:54+00:00\",\"breadcrumb\":{\"@id\":\"https:\\\/\\\/1001oeil.com\\\/index.php\\\/1996\\\/09\\\/10\\\/tetes-raides-les-bouquets\\\/#breadcrumb\"},\"inLanguage\":\"fr-FR\",\"potentialAction\":[{\"@type\":\"ReadAction\",\"target\":[\"https:\\\/\\\/1001oeil.com\\\/index.php\\\/1996\\\/09\\\/10\\\/tetes-raides-les-bouquets\\\/\"]}]},{\"@type\":\"ImageObject\",\"inLanguage\":\"fr-FR\",\"@id\":\"https:\\\/\\\/1001oeil.com\\\/index.php\\\/1996\\\/09\\\/10\\\/tetes-raides-les-bouquets\\\/#primaryimage\",\"url\":\"\",\"contentUrl\":\"\"},{\"@type\":\"BreadcrumbList\",\"@id\":\"https:\\\/\\\/1001oeil.com\\\/index.php\\\/1996\\\/09\\\/10\\\/tetes-raides-les-bouquets\\\/#breadcrumb\",\"itemListElement\":[{\"@type\":\"ListItem\",\"position\":1,\"name\":\"Accueil\",\"item\":\"https:\\\/\\\/1001oeil.com\\\/\"},{\"@type\":\"ListItem\",\"position\":2,\"name\":\"TETES RAIDES \u00ab\u00a0Les bouquets\u00a0\u00bb\"}]},{\"@type\":\"WebSite\",\"@id\":\"https:\\\/\\\/1001oeil.com\\\/#website\",\"url\":\"https:\\\/\\\/1001oeil.com\\\/\",\"name\":\"1001 \u0153il\",\"description\":\"Photographe R\u00e9alisateur\",\"publisher\":{\"@id\":\"https:\\\/\\\/1001oeil.com\\\/#\\\/schema\\\/person\\\/5183086660880e33b3a1804821879ce1\"},\"potentialAction\":[{\"@type\":\"SearchAction\",\"target\":{\"@type\":\"EntryPoint\",\"urlTemplate\":\"https:\\\/\\\/1001oeil.com\\\/?s={search_term_string}\"},\"query-input\":{\"@type\":\"PropertyValueSpecification\",\"valueRequired\":true,\"valueName\":\"search_term_string\"}}],\"inLanguage\":\"fr-FR\"},{\"@type\":[\"Person\",\"Organization\"],\"@id\":\"https:\\\/\\\/1001oeil.com\\\/#\\\/schema\\\/person\\\/5183086660880e33b3a1804821879ce1\",\"name\":\"St\u00e9phane CHASSIGNOLE\",\"image\":{\"@type\":\"ImageObject\",\"inLanguage\":\"fr-FR\",\"@id\":\"https:\\\/\\\/secure.gravatar.com\\\/avatar\\\/c741ff914b630d457c4ed947a119e5a0bd613d68105339c9af5c9ba86b201702?s=96&d=mm&r=g\",\"url\":\"https:\\\/\\\/secure.gravatar.com\\\/avatar\\\/c741ff914b630d457c4ed947a119e5a0bd613d68105339c9af5c9ba86b201702?s=96&d=mm&r=g\",\"contentUrl\":\"https:\\\/\\\/secure.gravatar.com\\\/avatar\\\/c741ff914b630d457c4ed947a119e5a0bd613d68105339c9af5c9ba86b201702?s=96&d=mm&r=g\",\"caption\":\"St\u00e9phane CHASSIGNOLE\"},\"logo\":{\"@id\":\"https:\\\/\\\/secure.gravatar.com\\\/avatar\\\/c741ff914b630d457c4ed947a119e5a0bd613d68105339c9af5c9ba86b201702?s=96&d=mm&r=g\"}},{\"@type\":\"Person\",\"@id\":\"https:\\\/\\\/1001oeil.com\\\/#\\\/schema\\\/person\\\/cfb1257601e2f646acb530731aac02e5\",\"name\":\"st\u00e9phane Chassignole\",\"image\":{\"@type\":\"ImageObject\",\"inLanguage\":\"fr-FR\",\"@id\":\"https:\\\/\\\/secure.gravatar.com\\\/avatar\\\/47c313d0c59514c0214092e7a4021f7a0a2d672e7f31d3b9caa3bf9139d0f847?s=96&d=mm&r=g\",\"url\":\"https:\\\/\\\/secure.gravatar.com\\\/avatar\\\/47c313d0c59514c0214092e7a4021f7a0a2d672e7f31d3b9caa3bf9139d0f847?s=96&d=mm&r=g\",\"contentUrl\":\"https:\\\/\\\/secure.gravatar.com\\\/avatar\\\/47c313d0c59514c0214092e7a4021f7a0a2d672e7f31d3b9caa3bf9139d0f847?s=96&d=mm&r=g\",\"caption\":\"st\u00e9phane Chassignole\"},\"description\":\"\u00a9 St\u00e9phane CHASSIGNOLE\",\"sameAs\":[\"http:\\\/\\\/1001oeil.com\"]}]}<\/script>\n<!-- \/ Yoast SEO plugin. -->","yoast_head_json":{"title":"TETES RAIDES \"Les bouquets\" -","robots":{"index":"index","follow":"follow","max-snippet":"max-snippet:-1","max-image-preview":"max-image-preview:large","max-video-preview":"max-video-preview:-1"},"canonical":"https:\/\/1001oeil.com\/index.php\/1996\/09\/10\/tetes-raides-les-bouquets\/","og_locale":"fr_FR","og_type":"article","og_title":"TETES RAIDES \"Les bouquets\" -","og_description":"Clip Live des TETES RAIDES. R\u00e9alis\u00e9 par le Collectif CHAUFFE ! Tournage en super 8. Cam\u00e9raman. Site Internet des T\u00eates Raides","og_url":"https:\/\/1001oeil.com\/index.php\/1996\/09\/10\/tetes-raides-les-bouquets\/","og_site_name":"St\u00e9phane Chassignole","article_published_time":"1996-09-09T22:05:54+00:00","author":"st\u00e9phane Chassignole","twitter_card":"summary_large_image","twitter_misc":{"\u00c9crit par":"st\u00e9phane Chassignole"},"schema":{"@context":"https:\/\/schema.org","@graph":[{"@type":"Article","@id":"https:\/\/1001oeil.com\/index.php\/1996\/09\/10\/tetes-raides-les-bouquets\/#article","isPartOf":{"@id":"https:\/\/1001oeil.com\/index.php\/1996\/09\/10\/tetes-raides-les-bouquets\/"},"author":{"name":"st\u00e9phane Chassignole","@id":"https:\/\/1001oeil.com\/#\/schema\/person\/cfb1257601e2f646acb530731aac02e5"},"headline":"TETES RAIDES \u00ab\u00a0Les bouquets\u00a0\u00bb","datePublished":"1996-09-09T22:05:54+00:00","mainEntityOfPage":{"@id":"https:\/\/1001oeil.com\/index.php\/1996\/09\/10\/tetes-raides-les-bouquets\/"},"wordCount":26,"publisher":{"@id":"https:\/\/1001oeil.com\/#\/schema\/person\/5183086660880e33b3a1804821879ce1"},"image":{"@id":"https:\/\/1001oeil.com\/index.php\/1996\/09\/10\/tetes-raides-les-bouquets\/#primaryimage"},"thumbnailUrl":"","keywords":["clip vid\u00e9o des tetes raides","tournage en super 8"],"articleSection":["Archives"],"inLanguage":"fr-FR"},{"@type":"WebPage","@id":"https:\/\/1001oeil.com\/index.php\/1996\/09\/10\/tetes-raides-les-bouquets\/","url":"https:\/\/1001oeil.com\/index.php\/1996\/09\/10\/tetes-raides-les-bouquets\/","name":"TETES RAIDES \"Les bouquets\" -","isPartOf":{"@id":"https:\/\/1001oeil.com\/#website"},"primaryImageOfPage":{"@id":"https:\/\/1001oeil.com\/index.php\/1996\/09\/10\/tetes-raides-les-bouquets\/#primaryimage"},"image":{"@id":"https:\/\/1001oeil.com\/index.php\/1996\/09\/10\/tetes-raides-les-bouquets\/#primaryimage"},"thumbnailUrl":"","datePublished":"1996-09-09T22:05:54+00:00","breadcrumb":{"@id":"https:\/\/1001oeil.com\/index.php\/1996\/09\/10\/tetes-raides-les-bouquets\/#breadcrumb"},"inLanguage":"fr-FR","potentialAction":[{"@type":"ReadAction","target":["https:\/\/1001oeil.com\/index.php\/1996\/09\/10\/tetes-raides-les-bouquets\/"]}]},{"@type":"ImageObject","inLanguage":"fr-FR","@id":"https:\/\/1001oeil.com\/index.php\/1996\/09\/10\/tetes-raides-les-bouquets\/#primaryimage","url":"","contentUrl":""},{"@type":"BreadcrumbList","@id":"https:\/\/1001oeil.com\/index.php\/1996\/09\/10\/tetes-raides-les-bouquets\/#breadcrumb","itemListElement":[{"@type":"ListItem","position":1,"name":"Accueil","item":"https:\/\/1001oeil.com\/"},{"@type":"ListItem","position":2,"name":"TETES RAIDES \u00ab\u00a0Les bouquets\u00a0\u00bb"}]},{"@type":"WebSite","@id":"https:\/\/1001oeil.com\/#website","url":"https:\/\/1001oeil.com\/","name":"1001 \u0153il","description":"Photographe R\u00e9alisateur","publisher":{"@id":"https:\/\/1001oeil.com\/#\/schema\/person\/5183086660880e33b3a1804821879ce1"},"potentialAction":[{"@type":"SearchAction","target":{"@type":"EntryPoint","urlTemplate":"https:\/\/1001oeil.com\/?s={search_term_string}"},"query-input":{"@type":"PropertyValueSpecification","valueRequired":true,"valueName":"search_term_string"}}],"inLanguage":"fr-FR"},{"@type":["Person","Organization"],"@id":"https:\/\/1001oeil.com\/#\/schema\/person\/5183086660880e33b3a1804821879ce1","name":"St\u00e9phane CHASSIGNOLE","image":{"@type":"ImageObject","inLanguage":"fr-FR","@id":"https:\/\/secure.gravatar.com\/avatar\/c741ff914b630d457c4ed947a119e5a0bd613d68105339c9af5c9ba86b201702?s=96&d=mm&r=g","url":"https:\/\/secure.gravatar.com\/avatar\/c741ff914b630d457c4ed947a119e5a0bd613d68105339c9af5c9ba86b201702?s=96&d=mm&r=g","contentUrl":"https:\/\/secure.gravatar.com\/avatar\/c741ff914b630d457c4ed947a119e5a0bd613d68105339c9af5c9ba86b201702?s=96&d=mm&r=g","caption":"St\u00e9phane CHASSIGNOLE"},"logo":{"@id":"https:\/\/secure.gravatar.com\/avatar\/c741ff914b630d457c4ed947a119e5a0bd613d68105339c9af5c9ba86b201702?s=96&d=mm&r=g"}},{"@type":"Person","@id":"https:\/\/1001oeil.com\/#\/schema\/person\/cfb1257601e2f646acb530731aac02e5","name":"st\u00e9phane Chassignole","image":{"@type":"ImageObject","inLanguage":"fr-FR","@id":"https:\/\/secure.gravatar.com\/avatar\/47c313d0c59514c0214092e7a4021f7a0a2d672e7f31d3b9caa3bf9139d0f847?s=96&d=mm&r=g","url":"https:\/\/secure.gravatar.com\/avatar\/47c313d0c59514c0214092e7a4021f7a0a2d672e7f31d3b9caa3bf9139d0f847?s=96&d=mm&r=g","contentUrl":"https:\/\/secure.gravatar.com\/avatar\/47c313d0c59514c0214092e7a4021f7a0a2d672e7f31d3b9caa3bf9139d0f847?s=96&d=mm&r=g","caption":"st\u00e9phane Chassignole"},"description":"\u00a9 St\u00e9phane CHASSIGNOLE","sameAs":["http:\/\/1001oeil.com"]}]}},"_links":{"self":[{"href":"https:\/\/1001oeil.com\/index.php\/wp-json\/wp\/v2\/posts\/377","targetHints":{"allow":["GET"]}}],"collection":[{"href":"https:\/\/1001oeil.com\/index.php\/wp-json\/wp\/v2\/posts"}],"about":[{"href":"https:\/\/1001oeil.com\/index.php\/wp-json\/wp\/v2\/types\/post"}],"author":[{"embeddable":true,"href":"https:\/\/1001oeil.com\/index.php\/wp-json\/wp\/v2\/users\/2"}],"replies":[{"embeddable":true,"href":"https:\/\/1001oeil.com\/index.php\/wp-json\/wp\/v2\/comments?post=377"}],"version-history":[{"count":0,"href":"https:\/\/1001oeil.com\/index.php\/wp-json\/wp\/v2\/posts\/377\/revisions"}],"wp:featuredmedia":[{"embeddable":true,"href":"https:\/\/1001oeil.com\/index.php\/wp-json\/"}],"wp:attachment":[{"href":"https:\/\/1001oeil.com\/index.php\/wp-json\/wp\/v2\/media?parent=377"}],"wp:term":[{"taxonomy":"category","embeddable":true,"href":"https:\/\/1001oeil.com\/index.php\/wp-json\/wp\/v2\/categories?post=377"},{"taxonomy":"post_tag","embeddable":true,"href":"https:\/\/1001oeil.com\/index.php\/wp-json\/wp\/v2\/tags?post=377"}],"curies":[{"name":"wp","href":"https:\/\/api.w.org\/{rel}","templated":true}]}}